{"id":1343,"date":"2024-02-20T16:24:34","date_gmt":"2024-02-20T16:24:34","guid":{"rendered":"https:\/\/www.santacreudesign.com\/?p=1343"},"modified":"2024-05-21T15:55:50","modified_gmt":"2024-05-21T15:55:50","slug":"vistaoptica-gran-de-gracia","status":"publish","type":"post","link":"https:\/\/www.santacreudesign.com\/es\/vistaoptica-gran-de-gracia\/","title":{"rendered":"Interiorismo VistaOptica &#8211; Gran de Gr\u00e0cia"},"content":{"rendered":"<style>.kb-row-layout-id1343_319c8b-a4 > .kt-row-column-wrap{align-content:start;}:where(.kb-row-layout-id1343_319c8b-a4 > .kt-row-column-wrap) > .wp-block-kadence-column{justify-content:start;}.kb-row-layout-id1343_319c8b-a4 > .kt-row-column-wrap{column-gap:var(--global-kb-gap-md, 2rem);row-gap:var(--global-kb-gap-md, 2rem);padding-top:var(--global-kb-spacing-sm, 1.5rem);padding-bottom:var(--global-kb-spacing-sm, 1.5rem);grid-template-columns:minmax(0, 2fr) minmax(0, 1fr);}.kb-row-layout-id1343_319c8b-a4 > .kt-row-layout-overlay{opacity:0.30;}@media all and (max-width: 1024px){.kb-row-layout-id1343_319c8b-a4 > .kt-row-column-wrap{grid-template-columns:minmax(0, 2fr) minmax(0, 1fr);}}@media all and (max-width: 767px){.kb-row-layout-id1343_319c8b-a4 > .kt-row-column-wrap{grid-template-columns:minmax(0, 1fr);}}<\/style><div class=\"kb-row-layout-wrap kb-row-layout-id1343_319c8b-a4 alignnone wp-block-kadence-rowlayout\"><div class=\"kt-row-column-wrap kt-has-2-columns kt-row-layout-left-golden kt-tab-layout-inherit kt-mobile-layout-row kt-row-valign-top\">\n<style>.kadence-column1343_3f78d6-54 > .kt-inside-inner-col,.kadence-column1343_3f78d6-54 > .kt-inside-inner-col:before{border-top-left-radius:0px;border-top-right-radius:0px;border-bottom-right-radius:0px;border-bottom-left-radius:0px;}.kadence-column1343_3f78d6-54 > .kt-inside-inner-col{column-gap:var(--global-kb-gap-sm, 1rem);}.kadence-column1343_3f78d6-54 > .kt-inside-inner-col{flex-direction:column;}.kadence-column1343_3f78d6-54 > .kt-inside-inner-col > .aligncenter{width:100%;}.kadence-column1343_3f78d6-54 > .kt-inside-inner-col:before{opacity:0.3;}.kadence-column1343_3f78d6-54{position:relative;}@media all and (max-width: 1024px){.kadence-column1343_3f78d6-54 > .kt-inside-inner-col{flex-direction:column;justify-content:center;}}@media all and (max-width: 767px){.kadence-column1343_3f78d6-54 > .kt-inside-inner-col{flex-direction:column;justify-content:center;}}<\/style>\n<div class=\"wp-block-kadence-column kadence-column1343_3f78d6-54\"><div class=\"kt-inside-inner-col\">\n<h1 class=\"wp-block-heading\">Interiorismo VistaOptica<br>Gran de Gr\u00e0cia<\/h1>\n<\/div><\/div>\n\n\n<style>.kadence-column1343_fb5afe-58 > .kt-inside-inner-col,.kadence-column1343_fb5afe-58 > .kt-inside-inner-col:before{border-top-left-radius:0px;border-top-right-radius:0px;border-bottom-right-radius:0px;border-bottom-left-radius:0px;}.kadence-column1343_fb5afe-58 > .kt-inside-inner-col{column-gap:var(--global-kb-gap-sm, 1rem);}.kadence-column1343_fb5afe-58 > .kt-inside-inner-col{flex-direction:column;}.kadence-column1343_fb5afe-58 > .kt-inside-inner-col > .aligncenter{width:100%;}.kadence-column1343_fb5afe-58 > .kt-inside-inner-col:before{opacity:0.3;}.kadence-column1343_fb5afe-58{position:relative;}@media all and (max-width: 1024px){.kadence-column1343_fb5afe-58 > .kt-inside-inner-col{flex-direction:column;justify-content:center;}}@media all and (max-width: 767px){.kadence-column1343_fb5afe-58 > .kt-inside-inner-col{flex-direction:column;justify-content:center;}}<\/style>\n<div class=\"wp-block-kadence-column kadence-column1343_fb5afe-58 project_menu\"><div class=\"kt-inside-inner-col\">\n<p class=\"has-text-align-right\"><a href=\"https:\/\/www.santacreudesign.com\/interiorisme-optiques\/\">\u00d2ptiques<\/a><\/p>\n<\/div><\/div>\n\n<\/div><\/div>\n\n\n<figure class=\"wp-block-image size-full animated fadeIn\"><img loading=\"lazy\" decoding=\"async\" width=\"2560\" height=\"2018\" src=\"https:\/\/www.santacreudesign.com\/wp-content\/uploads\/2024\/02\/santacreu_projecte_optica_vistaoptica_grangracia-scaled.webp\" alt=\"VistaOptica - Gran de Gr\u00e0cia\" class=\"wp-image-901\" srcset=\"https:\/\/www.santacreudesign.com\/wp-content\/uploads\/2024\/02\/santacreu_projecte_optica_vistaoptica_grangracia-scaled.webp 2560w, https:\/\/www.santacreudesign.com\/wp-content\/uploads\/2024\/02\/santacreu_projecte_optica_vistaoptica_grangracia-300x237.webp 300w, https:\/\/www.santacreudesign.com\/wp-content\/uploads\/2024\/02\/santacreu_projecte_optica_vistaoptica_grangracia-1024x807.webp 1024w, https:\/\/www.santacreudesign.com\/wp-content\/uploads\/2024\/02\/santacreu_projecte_optica_vistaoptica_grangracia-768x606.webp 768w, https:\/\/www.santacreudesign.com\/wp-content\/uploads\/2024\/02\/santacreu_projecte_optica_vistaoptica_grangracia-1536x1211.webp 1536w, https:\/\/www.santacreudesign.com\/wp-content\/uploads\/2024\/02\/santacreu_projecte_optica_vistaoptica_grangracia-2048x1615.webp 2048w, https:\/\/www.santacreudesign.com\/wp-content\/uploads\/2024\/02\/santacreu_projecte_optica_vistaoptica_grangracia-1200x946.webp 1200w, https:\/\/www.santacreudesign.com\/wp-content\/uploads\/2024\/02\/santacreu_projecte_optica_vistaoptica_grangracia-1400x1104.webp 1400w\" sizes=\"auto, (max-width: 2560px) 100vw, 2560px\" \/><\/figure>\n\n\n<style>.kb-row-layout-id1343_ceeeea-10 > .kt-row-column-wrap{align-content:start;}:where(.kb-row-layout-id1343_ceeeea-10 > .kt-row-column-wrap) > .wp-block-kadence-column{justify-content:start;}.kb-row-layout-id1343_ceeeea-10 > .kt-row-column-wrap{column-gap:80px;row-gap:var(--global-kb-gap-md, 2rem);max-width:1220px;margin-left:auto;margin-right:auto;padding-top:80px;padding-bottom:0px;grid-template-columns:repeat(2, minmax(0, 1fr));}.kb-row-layout-id1343_ceeeea-10 > .kt-row-layout-overlay{opacity:0.30;}@media all and (max-width: 1024px){.kb-row-layout-id1343_ceeeea-10 > .kt-row-column-wrap{grid-template-columns:repeat(2, minmax(0, 1fr));}}@media all and (max-width: 767px){.kb-row-layout-id1343_ceeeea-10 > .kt-row-column-wrap{grid-template-columns:minmax(0, 1fr);}}<\/style><div class=\"kb-row-layout-wrap kb-row-layout-id1343_ceeeea-10 alignnone animated fadeInRight slower wp-block-kadence-rowlayout\"><div class=\"kt-row-column-wrap kt-has-2-columns kt-row-layout-equal kt-tab-layout-inherit kt-mobile-layout-row kt-row-valign-top\">\n<style>.kadence-column1343_133e6a-12 > .kt-inside-inner-col,.kadence-column1343_133e6a-12 > .kt-inside-inner-col:before{border-top-left-radius:0px;border-top-right-radius:0px;border-bottom-right-radius:0px;border-bottom-left-radius:0px;}.kadence-column1343_133e6a-12 > .kt-inside-inner-col{column-gap:var(--global-kb-gap-sm, 1rem);}.kadence-column1343_133e6a-12 > .kt-inside-inner-col{flex-direction:column;}.kadence-column1343_133e6a-12 > .kt-inside-inner-col > .aligncenter{width:100%;}.kadence-column1343_133e6a-12 > .kt-inside-inner-col:before{opacity:0.3;}.kadence-column1343_133e6a-12{position:relative;}@media all and (max-width: 1024px){.kadence-column1343_133e6a-12 > .kt-inside-inner-col{flex-direction:column;justify-content:center;}}@media all and (max-width: 767px){.kadence-column1343_133e6a-12 > .kt-inside-inner-col{flex-direction:column;justify-content:center;}}<\/style>\n<div class=\"wp-block-kadence-column kadence-column1343_133e6a-12\"><div class=\"kt-inside-inner-col\">\n<figure data-wp-context=\"{&quot;imageId&quot;:&quot;69edac7307208&quot;}\" data-wp-interactive=\"core\/image\" data-wp-key=\"69edac7307208\" class=\"wp-block-image size-full wp-lightbox-container\"><img loading=\"lazy\" decoding=\"async\" width=\"1144\" height=\"1590\" data-wp-class--hide=\"state.isContentHidden\" data-wp-class--show=\"state.isContentVisible\" data-wp-init=\"callbacks.setButtonStyles\" data-wp-on--click=\"actions.showLightbox\" data-wp-on--load=\"callbacks.setButtonStyles\" data-wp-on-window--resize=\"callbacks.setButtonStyles\" src=\"https:\/\/www.santacreudesign.com\/wp-content\/uploads\/2024\/02\/santacreu_projecte_optica_vistaoptica_grangracia_022.webp\" alt=\"interior VistaOptica - Gran de Gr\u00e0cia\" class=\"wp-image-903\" srcset=\"https:\/\/www.santacreudesign.com\/wp-content\/uploads\/2024\/02\/santacreu_projecte_optica_vistaoptica_grangracia_022.webp 1144w, https:\/\/www.santacreudesign.com\/wp-content\/uploads\/2024\/02\/santacreu_projecte_optica_vistaoptica_grangracia_022-216x300.webp 216w, https:\/\/www.santacreudesign.com\/wp-content\/uploads\/2024\/02\/santacreu_projecte_optica_vistaoptica_grangracia_022-737x1024.webp 737w, https:\/\/www.santacreudesign.com\/wp-content\/uploads\/2024\/02\/santacreu_projecte_optica_vistaoptica_grangracia_022-768x1067.webp 768w, https:\/\/www.santacreudesign.com\/wp-content\/uploads\/2024\/02\/santacreu_projecte_optica_vistaoptica_grangracia_022-1105x1536.webp 1105w, https:\/\/www.santacreudesign.com\/wp-content\/uploads\/2024\/02\/santacreu_projecte_optica_vistaoptica_grangracia_022-300x417.webp 300w\" sizes=\"auto, (max-width: 1144px) 100vw, 1144px\" \/><button\n\t\t\tclass=\"lightbox-trigger\"\n\t\t\ttype=\"button\"\n\t\t\taria-haspopup=\"dialog\"\n\t\t\taria-label=\"Agrandar\"\n\t\t\tdata-wp-init=\"callbacks.initTriggerButton\"\n\t\t\tdata-wp-on--click=\"actions.showLightbox\"\n\t\t\tdata-wp-style--right=\"state.imageButtonRight\"\n\t\t\tdata-wp-style--top=\"state.imageButtonTop\"\n\t\t>\n\t\t\t<svg xmlns=\"http:\/\/www.w3.org\/2000\/svg\" width=\"12\" height=\"12\" fill=\"none\" viewBox=\"0 0 12 12\">\n\t\t\t\t<path fill=\"#fff\" d=\"M2 0a2 2 0 0 0-2 2v2h1.5V2a.5.5 0 0 1 .5-.5h2V0H2Zm2 10.5H2a.5.5 0 0 1-.5-.5V8H0v2a2 2 0 0 0 2 2h2v-1.5ZM8 12v-1.5h2a.5.5 0 0 0 .5-.5V8H12v2a2 2 0 0 1-2 2H8Zm2-12a2 2 0 0 1 2 2v2h-1.5V2a.5.5 0 0 0-.5-.5H8V0h2Z\" \/>\n\t\t\t<\/svg>\n\t\t<\/button><\/figure>\n<\/div><\/div>\n\n\n<style>.kadence-column1343_b2184a-70 > .kt-inside-inner-col,.kadence-column1343_b2184a-70 > .kt-inside-inner-col:before{border-top-left-radius:0px;border-top-right-radius:0px;border-bottom-right-radius:0px;border-bottom-left-radius:0px;}.kadence-column1343_b2184a-70 > .kt-inside-inner-col{column-gap:var(--global-kb-gap-sm, 1rem);}.kadence-column1343_b2184a-70 > .kt-inside-inner-col{flex-direction:column;}.kadence-column1343_b2184a-70 > .kt-inside-inner-col > .aligncenter{width:100%;}.kadence-column1343_b2184a-70 > .kt-inside-inner-col:before{opacity:0.3;}.kadence-column1343_b2184a-70{position:relative;}@media all and (max-width: 1024px){.kadence-column1343_b2184a-70 > .kt-inside-inner-col{flex-direction:column;justify-content:center;}}@media all and (max-width: 767px){.kadence-column1343_b2184a-70 > .kt-inside-inner-col{flex-direction:column;justify-content:center;}}<\/style>\n<div class=\"wp-block-kadence-column kadence-column1343_b2184a-70\"><div class=\"kt-inside-inner-col\">\n<h2 class=\"wp-block-heading\">Descripci\u00f3n del proyecto<\/h2>\n\n\n\n<p>VistaOptica nos pide reformar por completo su local emblem\u00e1tico en Gran de Gr\u00e0cia. Local de 110m2 repartidos en una sola planta formados por una zona de exposici\u00f3n y ventas, un espacio para contactolog\u00eda y dos gabinetes de audio y optometr\u00eda.<\/p>\n\n\n\n<p>Estilo sobrio y minimalista donde resaltan los premarcos de hierro flotantes que dan un car\u00e1cter ligero y elegante a la exposici\u00f3n de las gafas.<\/p>\n<\/div><\/div>\n\n<\/div><\/div>\n\n<style>.kb-row-layout-id1343_443417-1a > .kt-row-column-wrap{align-content:start;}:where(.kb-row-layout-id1343_443417-1a > .kt-row-column-wrap) > .wp-block-kadence-column{justify-content:start;}.kb-row-layout-id1343_443417-1a > .kt-row-column-wrap{column-gap:80px;row-gap:var(--global-kb-gap-md, 2rem);max-width:1220px;margin-left:auto;margin-right:auto;padding-top:80px;padding-bottom:0px;grid-template-columns:repeat(2, minmax(0, 1fr));}.kb-row-layout-id1343_443417-1a > .kt-row-layout-overlay{opacity:0.30;}@media all and (max-width: 1024px){.kb-row-layout-id1343_443417-1a > .kt-row-column-wrap{grid-template-columns:repeat(2, minmax(0, 1fr));}}@media all and (max-width: 767px){.kb-row-layout-id1343_443417-1a > .kt-row-column-wrap{grid-template-columns:minmax(0, 1fr);}}<\/style><div class=\"kb-row-layout-wrap kb-row-layout-id1343_443417-1a alignnone animated fadeInLeft slower wp-block-kadence-rowlayout\"><div class=\"kt-row-column-wrap kt-has-2-columns kt-row-layout-equal kt-tab-layout-inherit kt-mobile-layout-row kt-row-valign-top\">\n<style>.kadence-column1343_00bfc2-77 > .kt-inside-inner-col,.kadence-column1343_00bfc2-77 > .kt-inside-inner-col:before{border-top-left-radius:0px;border-top-right-radius:0px;border-bottom-right-radius:0px;border-bottom-left-radius:0px;}.kadence-column1343_00bfc2-77 > .kt-inside-inner-col{column-gap:var(--global-kb-gap-sm, 1rem);}.kadence-column1343_00bfc2-77 > .kt-inside-inner-col{flex-direction:column;}.kadence-column1343_00bfc2-77 > .kt-inside-inner-col > .aligncenter{width:100%;}.kadence-column1343_00bfc2-77 > .kt-inside-inner-col:before{opacity:0.3;}.kadence-column1343_00bfc2-77{position:relative;}@media all and (max-width: 1024px){.kadence-column1343_00bfc2-77 > .kt-inside-inner-col{flex-direction:column;justify-content:center;}}@media all and (max-width: 767px){.kadence-column1343_00bfc2-77 > .kt-inside-inner-col{flex-direction:column;justify-content:center;}}<\/style>\n<div class=\"wp-block-kadence-column kadence-column1343_00bfc2-77\"><div class=\"kt-inside-inner-col\">\n<figure data-wp-context=\"{&quot;imageId&quot;:&quot;69edac7307c96&quot;}\" data-wp-interactive=\"core\/image\" data-wp-key=\"69edac7307c96\" class=\"wp-block-image size-full wp-lightbox-container\"><img loading=\"lazy\" decoding=\"async\" width=\"1144\" height=\"1590\" data-wp-class--hide=\"state.isContentHidden\" data-wp-class--show=\"state.isContentVisible\" data-wp-init=\"callbacks.setButtonStyles\" data-wp-on--click=\"actions.showLightbox\" data-wp-on--load=\"callbacks.setButtonStyles\" data-wp-on-window--resize=\"callbacks.setButtonStyles\" src=\"https:\/\/www.santacreudesign.com\/wp-content\/uploads\/2024\/02\/santacreu_projecte_optica_vistaoptica_grangracia_01.webp\" alt=\"interior VistaOptica - Gran de Gr\u00e0cia\" class=\"wp-image-904\" srcset=\"https:\/\/www.santacreudesign.com\/wp-content\/uploads\/2024\/02\/santacreu_projecte_optica_vistaoptica_grangracia_01.webp 1144w, https:\/\/www.santacreudesign.com\/wp-content\/uploads\/2024\/02\/santacreu_projecte_optica_vistaoptica_grangracia_01-216x300.webp 216w, https:\/\/www.santacreudesign.com\/wp-content\/uploads\/2024\/02\/santacreu_projecte_optica_vistaoptica_grangracia_01-737x1024.webp 737w, https:\/\/www.santacreudesign.com\/wp-content\/uploads\/2024\/02\/santacreu_projecte_optica_vistaoptica_grangracia_01-768x1067.webp 768w, https:\/\/www.santacreudesign.com\/wp-content\/uploads\/2024\/02\/santacreu_projecte_optica_vistaoptica_grangracia_01-1105x1536.webp 1105w, https:\/\/www.santacreudesign.com\/wp-content\/uploads\/2024\/02\/santacreu_projecte_optica_vistaoptica_grangracia_01-300x417.webp 300w\" sizes=\"auto, (max-width: 1144px) 100vw, 1144px\" \/><button\n\t\t\tclass=\"lightbox-trigger\"\n\t\t\ttype=\"button\"\n\t\t\taria-haspopup=\"dialog\"\n\t\t\taria-label=\"Agrandar\"\n\t\t\tdata-wp-init=\"callbacks.initTriggerButton\"\n\t\t\tdata-wp-on--click=\"actions.showLightbox\"\n\t\t\tdata-wp-style--right=\"state.imageButtonRight\"\n\t\t\tdata-wp-style--top=\"state.imageButtonTop\"\n\t\t>\n\t\t\t<svg xmlns=\"http:\/\/www.w3.org\/2000\/svg\" width=\"12\" height=\"12\" fill=\"none\" viewBox=\"0 0 12 12\">\n\t\t\t\t<path fill=\"#fff\" d=\"M2 0a2 2 0 0 0-2 2v2h1.5V2a.5.5 0 0 1 .5-.5h2V0H2Zm2 10.5H2a.5.5 0 0 1-.5-.5V8H0v2a2 2 0 0 0 2 2h2v-1.5ZM8 12v-1.5h2a.5.5 0 0 0 .5-.5V8H12v2a2 2 0 0 1-2 2H8Zm2-12a2 2 0 0 1 2 2v2h-1.5V2a.5.5 0 0 0-.5-.5H8V0h2Z\" \/>\n\t\t\t<\/svg>\n\t\t<\/button><\/figure>\n<\/div><\/div>\n\n\n<style>.kadence-column1343_2359a3-bc > .kt-inside-inner-col,.kadence-column1343_2359a3-bc > .kt-inside-inner-col:before{border-top-left-radius:0px;border-top-right-radius:0px;border-bottom-right-radius:0px;border-bottom-left-radius:0px;}.kadence-column1343_2359a3-bc > .kt-inside-inner-col{column-gap:var(--global-kb-gap-sm, 1rem);}.kadence-column1343_2359a3-bc > .kt-inside-inner-col{flex-direction:column;}.kadence-column1343_2359a3-bc > .kt-inside-inner-col > .aligncenter{width:100%;}.kadence-column1343_2359a3-bc > .kt-inside-inner-col:before{opacity:0.3;}.kadence-column1343_2359a3-bc{position:relative;}@media all and (max-width: 1024px){.kadence-column1343_2359a3-bc > .kt-inside-inner-col{flex-direction:column;justify-content:center;}}@media all and (max-width: 767px){.kadence-column1343_2359a3-bc > .kt-inside-inner-col{flex-direction:column;justify-content:center;}}<\/style>\n<div class=\"wp-block-kadence-column kadence-column1343_2359a3-bc\"><div class=\"kt-inside-inner-col\">\n<figure data-wp-context=\"{&quot;imageId&quot;:&quot;69edac7308260&quot;}\" data-wp-interactive=\"core\/image\" data-wp-key=\"69edac7308260\" class=\"wp-block-image size-full wp-lightbox-container\"><img loading=\"lazy\" decoding=\"async\" width=\"1144\" height=\"1590\" data-wp-class--hide=\"state.isContentHidden\" data-wp-class--show=\"state.isContentVisible\" data-wp-init=\"callbacks.setButtonStyles\" data-wp-on--click=\"actions.showLightbox\" data-wp-on--load=\"callbacks.setButtonStyles\" data-wp-on-window--resize=\"callbacks.setButtonStyles\" src=\"https:\/\/www.santacreudesign.com\/wp-content\/uploads\/2024\/02\/santacreu_projecte_optica_vistaoptica_grangracia_03.webp\" alt=\"interior VistaOptica - Gran de Gr\u00e0cia\" class=\"wp-image-902\" srcset=\"https:\/\/www.santacreudesign.com\/wp-content\/uploads\/2024\/02\/santacreu_projecte_optica_vistaoptica_grangracia_03.webp 1144w, https:\/\/www.santacreudesign.com\/wp-content\/uploads\/2024\/02\/santacreu_projecte_optica_vistaoptica_grangracia_03-216x300.webp 216w, https:\/\/www.santacreudesign.com\/wp-content\/uploads\/2024\/02\/santacreu_projecte_optica_vistaoptica_grangracia_03-737x1024.webp 737w, https:\/\/www.santacreudesign.com\/wp-content\/uploads\/2024\/02\/santacreu_projecte_optica_vistaoptica_grangracia_03-768x1067.webp 768w, https:\/\/www.santacreudesign.com\/wp-content\/uploads\/2024\/02\/santacreu_projecte_optica_vistaoptica_grangracia_03-1105x1536.webp 1105w, https:\/\/www.santacreudesign.com\/wp-content\/uploads\/2024\/02\/santacreu_projecte_optica_vistaoptica_grangracia_03-300x417.webp 300w\" sizes=\"auto, (max-width: 1144px) 100vw, 1144px\" \/><button\n\t\t\tclass=\"lightbox-trigger\"\n\t\t\ttype=\"button\"\n\t\t\taria-haspopup=\"dialog\"\n\t\t\taria-label=\"Agrandar\"\n\t\t\tdata-wp-init=\"callbacks.initTriggerButton\"\n\t\t\tdata-wp-on--click=\"actions.showLightbox\"\n\t\t\tdata-wp-style--right=\"state.imageButtonRight\"\n\t\t\tdata-wp-style--top=\"state.imageButtonTop\"\n\t\t>\n\t\t\t<svg xmlns=\"http:\/\/www.w3.org\/2000\/svg\" width=\"12\" height=\"12\" fill=\"none\" viewBox=\"0 0 12 12\">\n\t\t\t\t<path fill=\"#fff\" d=\"M2 0a2 2 0 0 0-2 2v2h1.5V2a.5.5 0 0 1 .5-.5h2V0H2Zm2 10.5H2a.5.5 0 0 1-.5-.5V8H0v2a2 2 0 0 0 2 2h2v-1.5ZM8 12v-1.5h2a.5.5 0 0 0 .5-.5V8H12v2a2 2 0 0 1-2 2H8Zm2-12a2 2 0 0 1 2 2v2h-1.5V2a.5.5 0 0 0-.5-.5H8V0h2Z\" \/>\n\t\t\t<\/svg>\n\t\t<\/button><\/figure>\n<\/div><\/div>\n\n<\/div><\/div>","protected":false},"excerpt":{"rendered":"<p>Interiorismo VistaOpticaGran de Gr\u00e0cia \u00d2ptiques Descripci\u00f3n del proyecto VistaOptica nos pide reformar por completo su local emblem\u00e1tico en Gran de Gr\u00e0cia. Local de 110m2 repartidos en una sola planta formados por una zona de exposici\u00f3n y ventas, un espacio para contactolog\u00eda y dos gabinetes de audio y optometr\u00eda. Estilo sobrio y minimalista donde resaltan los &hellip;<\/p>\n","protected":false},"author":1,"featured_media":1211,"comment_status":"closed","ping_status":"closed","sticky":false,"template":"","format":"standard","meta":{"inline_featured_image":false,"footnotes":""},"categories":[23,27],"tags":[],"class_list":{"0":"post-1343","1":"post","2":"type-post","3":"status-publish","4":"format-standard","5":"has-post-thumbnail","6":"hentry","7":"category-proyectos","8":"category-opticas","10":"with-featured-image"},"_links":{"self":[{"href":"https:\/\/www.santacreudesign.com\/es\/wp-json\/wp\/v2\/posts\/1343","targetHints":{"allow":["GET"]}}],"collection":[{"href":"https:\/\/www.santacreudesign.com\/es\/wp-json\/wp\/v2\/posts"}],"about":[{"href":"https:\/\/www.santacreudesign.com\/es\/wp-json\/wp\/v2\/types\/post"}],"author":[{"embeddable":true,"href":"https:\/\/www.santacreudesign.com\/es\/wp-json\/wp\/v2\/users\/1"}],"replies":[{"embeddable":true,"href":"https:\/\/www.santacreudesign.com\/es\/wp-json\/wp\/v2\/comments?post=1343"}],"version-history":[{"count":2,"href":"https:\/\/www.santacreudesign.com\/es\/wp-json\/wp\/v2\/posts\/1343\/revisions"}],"predecessor-version":[{"id":1552,"href":"https:\/\/www.santacreudesign.com\/es\/wp-json\/wp\/v2\/posts\/1343\/revisions\/1552"}],"wp:featuredmedia":[{"embeddable":true,"href":"https:\/\/www.santacreudesign.com\/es\/wp-json\/wp\/v2\/media\/1211"}],"wp:attachment":[{"href":"https:\/\/www.santacreudesign.com\/es\/wp-json\/wp\/v2\/media?parent=1343"}],"wp:term":[{"taxonomy":"category","embeddable":true,"href":"https:\/\/www.santacreudesign.com\/es\/wp-json\/wp\/v2\/categories?post=1343"},{"taxonomy":"post_tag","embeddable":true,"href":"https:\/\/www.santacreudesign.com\/es\/wp-json\/wp\/v2\/tags?post=1343"}],"curies":[{"name":"wp","href":"https:\/\/api.w.org\/{rel}","templated":true}]}}