{"id":1355,"date":"2024-02-20T12:16:19","date_gmt":"2024-02-20T12:16:19","guid":{"rendered":"https:\/\/www.santacreudesign.com\/?p=1355"},"modified":"2024-05-21T15:46:05","modified_gmt":"2024-05-21T15:46:05","slug":"interiorismo-clinica-dental-viladecans","status":"publish","type":"post","link":"https:\/\/www.santacreudesign.com\/es\/interiorismo-clinica-dental-viladecans\/","title":{"rendered":"Interiorismo Cl\u00ednica dental Viladecans"},"content":{"rendered":"<style>.kb-row-layout-id1355_a9deab-ce > .kt-row-column-wrap{align-content:start;}:where(.kb-row-layout-id1355_a9deab-ce > .kt-row-column-wrap) > .wp-block-kadence-column{justify-content:start;}.kb-row-layout-id1355_a9deab-ce > .kt-row-column-wrap{column-gap:var(--global-kb-gap-md, 2rem);row-gap:var(--global-kb-gap-md, 2rem);padding-top:var(--global-kb-spacing-sm, 1.5rem);padding-bottom:var(--global-kb-spacing-sm, 1.5rem);grid-template-columns:minmax(0, 2fr) minmax(0, 1fr);}.kb-row-layout-id1355_a9deab-ce > .kt-row-layout-overlay{opacity:0.30;}@media all and (max-width: 1024px){.kb-row-layout-id1355_a9deab-ce > .kt-row-column-wrap{grid-template-columns:minmax(0, 2fr) minmax(0, 1fr);}}@media all and (max-width: 767px){.kb-row-layout-id1355_a9deab-ce > .kt-row-column-wrap{grid-template-columns:minmax(0, 1fr);}}<\/style><div class=\"kb-row-layout-wrap kb-row-layout-id1355_a9deab-ce alignnone wp-block-kadence-rowlayout\"><div class=\"kt-row-column-wrap kt-has-2-columns kt-row-layout-left-golden kt-tab-layout-inherit kt-mobile-layout-row kt-row-valign-top\">\n<style>.kadence-column1355_af1dc3-a3 > .kt-inside-inner-col,.kadence-column1355_af1dc3-a3 > .kt-inside-inner-col:before{border-top-left-radius:0px;border-top-right-radius:0px;border-bottom-right-radius:0px;border-bottom-left-radius:0px;}.kadence-column1355_af1dc3-a3 > .kt-inside-inner-col{column-gap:var(--global-kb-gap-sm, 1rem);}.kadence-column1355_af1dc3-a3 > .kt-inside-inner-col{flex-direction:column;}.kadence-column1355_af1dc3-a3 > .kt-inside-inner-col > .aligncenter{width:100%;}.kadence-column1355_af1dc3-a3 > .kt-inside-inner-col:before{opacity:0.3;}.kadence-column1355_af1dc3-a3{position:relative;}@media all and (max-width: 1024px){.kadence-column1355_af1dc3-a3 > .kt-inside-inner-col{flex-direction:column;justify-content:center;}}@media all and (max-width: 767px){.kadence-column1355_af1dc3-a3 > .kt-inside-inner-col{flex-direction:column;justify-content:center;}}<\/style>\n<div class=\"wp-block-kadence-column kadence-column1355_af1dc3-a3\"><div class=\"kt-inside-inner-col\">\n<h1 class=\"wp-block-heading\">Interiorismo Cl\u00ednica dental<br>Viladecans<\/h1>\n<\/div><\/div>\n\n\n<style>.kadence-column1355_de59c7-29 > .kt-inside-inner-col,.kadence-column1355_de59c7-29 > .kt-inside-inner-col:before{border-top-left-radius:0px;border-top-right-radius:0px;border-bottom-right-radius:0px;border-bottom-left-radius:0px;}.kadence-column1355_de59c7-29 > .kt-inside-inner-col{column-gap:var(--global-kb-gap-sm, 1rem);}.kadence-column1355_de59c7-29 > .kt-inside-inner-col{flex-direction:column;}.kadence-column1355_de59c7-29 > .kt-inside-inner-col > .aligncenter{width:100%;}.kadence-column1355_de59c7-29 > .kt-inside-inner-col:before{opacity:0.3;}.kadence-column1355_de59c7-29{position:relative;}@media all and (max-width: 1024px){.kadence-column1355_de59c7-29 > .kt-inside-inner-col{flex-direction:column;justify-content:center;}}@media all and (max-width: 767px){.kadence-column1355_de59c7-29 > .kt-inside-inner-col{flex-direction:column;justify-content:center;}}<\/style>\n<div class=\"wp-block-kadence-column kadence-column1355_de59c7-29 project_menu\"><div class=\"kt-inside-inner-col\">\n<p class=\"has-text-align-right\"><a href=\"https:\/\/www.santacreudesign.com\/interiorisme-cliniques-dentals\/\">Cl\u00edniques dentals<\/a><\/p>\n<\/div><\/div>\n\n<\/div><\/div>\n\n\n<figure class=\"wp-block-image size-full animated fadeIn\"><img loading=\"lazy\" decoding=\"async\" width=\"2560\" height=\"2018\" src=\"https:\/\/www.santacreudesign.com\/wp-content\/uploads\/2024\/02\/santacreu_projecte_clinicadental_ballester-scaled.webp\" alt=\"Interiorisme Cl\u00ednica dental Viladecans\" class=\"wp-image-822\" srcset=\"https:\/\/www.santacreudesign.com\/wp-content\/uploads\/2024\/02\/santacreu_projecte_clinicadental_ballester-scaled.webp 2560w, https:\/\/www.santacreudesign.com\/wp-content\/uploads\/2024\/02\/santacreu_projecte_clinicadental_ballester-300x237.webp 300w, https:\/\/www.santacreudesign.com\/wp-content\/uploads\/2024\/02\/santacreu_projecte_clinicadental_ballester-1024x807.webp 1024w, https:\/\/www.santacreudesign.com\/wp-content\/uploads\/2024\/02\/santacreu_projecte_clinicadental_ballester-768x606.webp 768w, https:\/\/www.santacreudesign.com\/wp-content\/uploads\/2024\/02\/santacreu_projecte_clinicadental_ballester-1536x1211.webp 1536w, https:\/\/www.santacreudesign.com\/wp-content\/uploads\/2024\/02\/santacreu_projecte_clinicadental_ballester-2048x1615.webp 2048w, https:\/\/www.santacreudesign.com\/wp-content\/uploads\/2024\/02\/santacreu_projecte_clinicadental_ballester-1200x946.webp 1200w, https:\/\/www.santacreudesign.com\/wp-content\/uploads\/2024\/02\/santacreu_projecte_clinicadental_ballester-1400x1104.webp 1400w\" sizes=\"auto, (max-width: 2560px) 100vw, 2560px\" \/><\/figure>\n\n\n<style>.kb-row-layout-id1355_68b7fc-b4 > .kt-row-column-wrap{align-content:start;}:where(.kb-row-layout-id1355_68b7fc-b4 > .kt-row-column-wrap) > .wp-block-kadence-column{justify-content:start;}.kb-row-layout-id1355_68b7fc-b4 > .kt-row-column-wrap{column-gap:80px;row-gap:var(--global-kb-gap-md, 2rem);max-width:1220px;margin-left:auto;margin-right:auto;padding-top:80px;padding-bottom:0px;grid-template-columns:repeat(2, minmax(0, 1fr));}.kb-row-layout-id1355_68b7fc-b4 > .kt-row-layout-overlay{opacity:0.30;}@media all and (max-width: 1024px){.kb-row-layout-id1355_68b7fc-b4 > .kt-row-column-wrap{grid-template-columns:repeat(2, minmax(0, 1fr));}}@media all and (max-width: 767px){.kb-row-layout-id1355_68b7fc-b4 > .kt-row-column-wrap{grid-template-columns:minmax(0, 1fr);}}<\/style><div class=\"kb-row-layout-wrap kb-row-layout-id1355_68b7fc-b4 alignnone animated fadeInRight slower wp-block-kadence-rowlayout\"><div class=\"kt-row-column-wrap kt-has-2-columns kt-row-layout-equal kt-tab-layout-inherit kt-mobile-layout-row kt-row-valign-top\">\n<style>.kadence-column1355_8aa535-09 > .kt-inside-inner-col,.kadence-column1355_8aa535-09 > .kt-inside-inner-col:before{border-top-left-radius:0px;border-top-right-radius:0px;border-bottom-right-radius:0px;border-bottom-left-radius:0px;}.kadence-column1355_8aa535-09 > .kt-inside-inner-col{column-gap:var(--global-kb-gap-sm, 1rem);}.kadence-column1355_8aa535-09 > .kt-inside-inner-col{flex-direction:column;}.kadence-column1355_8aa535-09 > .kt-inside-inner-col > .aligncenter{width:100%;}.kadence-column1355_8aa535-09 > .kt-inside-inner-col:before{opacity:0.3;}.kadence-column1355_8aa535-09{position:relative;}@media all and (max-width: 1024px){.kadence-column1355_8aa535-09 > .kt-inside-inner-col{flex-direction:column;justify-content:center;}}@media all and (max-width: 767px){.kadence-column1355_8aa535-09 > .kt-inside-inner-col{flex-direction:column;justify-content:center;}}<\/style>\n<div class=\"wp-block-kadence-column kadence-column1355_8aa535-09\"><div class=\"kt-inside-inner-col\">\n<figure data-wp-context=\"{&quot;imageId&quot;:&quot;69f1d9707f4fe&quot;}\" data-wp-interactive=\"core\/image\" data-wp-key=\"69f1d9707f4fe\" class=\"wp-block-image size-full wp-lightbox-container\"><img loading=\"lazy\" decoding=\"async\" width=\"1144\" height=\"1590\" data-wp-class--hide=\"state.isContentHidden\" data-wp-class--show=\"state.isContentVisible\" data-wp-init=\"callbacks.setButtonStyles\" data-wp-on--click=\"actions.showLightbox\" data-wp-on--load=\"callbacks.setButtonStyles\" data-wp-on-window--resize=\"callbacks.setButtonStyles\" src=\"https:\/\/www.santacreudesign.com\/wp-content\/uploads\/2024\/02\/santacreu_projecte_clinicadental_ballester_01.webp\" alt=\"Entrada Cl\u00ednica dental Viladecans\" class=\"wp-image-824\" srcset=\"https:\/\/www.santacreudesign.com\/wp-content\/uploads\/2024\/02\/santacreu_projecte_clinicadental_ballester_01.webp 1144w, https:\/\/www.santacreudesign.com\/wp-content\/uploads\/2024\/02\/santacreu_projecte_clinicadental_ballester_01-216x300.webp 216w, https:\/\/www.santacreudesign.com\/wp-content\/uploads\/2024\/02\/santacreu_projecte_clinicadental_ballester_01-737x1024.webp 737w, https:\/\/www.santacreudesign.com\/wp-content\/uploads\/2024\/02\/santacreu_projecte_clinicadental_ballester_01-768x1067.webp 768w, https:\/\/www.santacreudesign.com\/wp-content\/uploads\/2024\/02\/santacreu_projecte_clinicadental_ballester_01-1105x1536.webp 1105w, https:\/\/www.santacreudesign.com\/wp-content\/uploads\/2024\/02\/santacreu_projecte_clinicadental_ballester_01-300x417.webp 300w\" sizes=\"auto, (max-width: 1144px) 100vw, 1144px\" \/><button\n\t\t\tclass=\"lightbox-trigger\"\n\t\t\ttype=\"button\"\n\t\t\taria-haspopup=\"dialog\"\n\t\t\taria-label=\"Agrandar\"\n\t\t\tdata-wp-init=\"callbacks.initTriggerButton\"\n\t\t\tdata-wp-on--click=\"actions.showLightbox\"\n\t\t\tdata-wp-style--right=\"state.imageButtonRight\"\n\t\t\tdata-wp-style--top=\"state.imageButtonTop\"\n\t\t>\n\t\t\t<svg xmlns=\"http:\/\/www.w3.org\/2000\/svg\" width=\"12\" height=\"12\" fill=\"none\" viewBox=\"0 0 12 12\">\n\t\t\t\t<path fill=\"#fff\" d=\"M2 0a2 2 0 0 0-2 2v2h1.5V2a.5.5 0 0 1 .5-.5h2V0H2Zm2 10.5H2a.5.5 0 0 1-.5-.5V8H0v2a2 2 0 0 0 2 2h2v-1.5ZM8 12v-1.5h2a.5.5 0 0 0 .5-.5V8H12v2a2 2 0 0 1-2 2H8Zm2-12a2 2 0 0 1 2 2v2h-1.5V2a.5.5 0 0 0-.5-.5H8V0h2Z\" \/>\n\t\t\t<\/svg>\n\t\t<\/button><\/figure>\n<\/div><\/div>\n\n\n<style>.kadence-column1355_3a4647-84 > .kt-inside-inner-col,.kadence-column1355_3a4647-84 > .kt-inside-inner-col:before{border-top-left-radius:0px;border-top-right-radius:0px;border-bottom-right-radius:0px;border-bottom-left-radius:0px;}.kadence-column1355_3a4647-84 > .kt-inside-inner-col{column-gap:var(--global-kb-gap-sm, 1rem);}.kadence-column1355_3a4647-84 > .kt-inside-inner-col{flex-direction:column;}.kadence-column1355_3a4647-84 > .kt-inside-inner-col > .aligncenter{width:100%;}.kadence-column1355_3a4647-84 > .kt-inside-inner-col:before{opacity:0.3;}.kadence-column1355_3a4647-84{position:relative;}@media all and (max-width: 1024px){.kadence-column1355_3a4647-84 > .kt-inside-inner-col{flex-direction:column;justify-content:center;}}@media all and (max-width: 767px){.kadence-column1355_3a4647-84 > .kt-inside-inner-col{flex-direction:column;justify-content:center;}}<\/style>\n<div class=\"wp-block-kadence-column kadence-column1355_3a4647-84\"><div class=\"kt-inside-inner-col\">\n<h2 class=\"wp-block-heading\">Descripci\u00f3n del proyecto<\/h2>\n\n\n\n<p>Peque\u00f1a cl\u00ednica dental de 55m2 ubicada en Viladecans.<\/p>\n\n\n\n<p>Se propone una planta radicalmente diferente a la existente para ubicar 3 boxes, una peque\u00f1a sala de esterilizaci\u00f3n, una sala de rayos X, una peque\u00f1a sala de espera, mostrador y un ba\u00f1o adaptado.<\/p>\n\n\n\n<p>El vest\u00edbulo de acceso da paso al mostrador desde el que se distribuyen todas las estancias. La sala de espera est\u00e1 compuesta por un banco suspendido en una pared alicatada y unos celos de lat\u00f3n que la separa de la zona cl\u00ednica.<\/p>\n\n\n\n<p>En este proyecto hemos decidido utilizar el lat\u00f3n, m\u00e1rmol y piel como materiales diferenciadores. Utilizados tanto como revestimientos como detalles para la se\u00f1al\u00e9tica o mobiliario.<\/p>\n<\/div><\/div>\n\n<\/div><\/div>\n\n<style>.kb-row-layout-id1355_25d548-37 > .kt-row-column-wrap{align-content:start;}:where(.kb-row-layout-id1355_25d548-37 > .kt-row-column-wrap) > .wp-block-kadence-column{justify-content:start;}.kb-row-layout-id1355_25d548-37 > .kt-row-column-wrap{column-gap:80px;row-gap:var(--global-kb-gap-md, 2rem);max-width:1220px;margin-left:auto;margin-right:auto;padding-top:80px;padding-bottom:0px;grid-template-columns:repeat(2, minmax(0, 1fr));}.kb-row-layout-id1355_25d548-37 > .kt-row-layout-overlay{opacity:0.30;}@media all and (max-width: 1024px){.kb-row-layout-id1355_25d548-37 > .kt-row-column-wrap{grid-template-columns:repeat(2, minmax(0, 1fr));}}@media all and (max-width: 767px){.kb-row-layout-id1355_25d548-37 > .kt-row-column-wrap{grid-template-columns:minmax(0, 1fr);}}<\/style><div class=\"kb-row-layout-wrap kb-row-layout-id1355_25d548-37 alignnone animated fadeInLeft slower wp-block-kadence-rowlayout\"><div class=\"kt-row-column-wrap kt-has-2-columns kt-row-layout-equal kt-tab-layout-inherit kt-mobile-layout-row kt-row-valign-top\">\n<style>.kadence-column1355_1c6316-0f > .kt-inside-inner-col,.kadence-column1355_1c6316-0f > .kt-inside-inner-col:before{border-top-left-radius:0px;border-top-right-radius:0px;border-bottom-right-radius:0px;border-bottom-left-radius:0px;}.kadence-column1355_1c6316-0f > .kt-inside-inner-col{column-gap:var(--global-kb-gap-sm, 1rem);}.kadence-column1355_1c6316-0f > .kt-inside-inner-col{flex-direction:column;}.kadence-column1355_1c6316-0f > .kt-inside-inner-col > .aligncenter{width:100%;}.kadence-column1355_1c6316-0f > .kt-inside-inner-col:before{opacity:0.3;}.kadence-column1355_1c6316-0f{position:relative;}@media all and (max-width: 1024px){.kadence-column1355_1c6316-0f > .kt-inside-inner-col{flex-direction:column;justify-content:center;}}@media all and (max-width: 767px){.kadence-column1355_1c6316-0f > .kt-inside-inner-col{flex-direction:column;justify-content:center;}}<\/style>\n<div class=\"wp-block-kadence-column kadence-column1355_1c6316-0f\"><div class=\"kt-inside-inner-col\">\n<figure data-wp-context=\"{&quot;imageId&quot;:&quot;69f1d970800e1&quot;}\" data-wp-interactive=\"core\/image\" data-wp-key=\"69f1d970800e1\" class=\"wp-block-image size-full wp-lightbox-container\"><img loading=\"lazy\" decoding=\"async\" width=\"1144\" height=\"1590\" data-wp-class--hide=\"state.isContentHidden\" data-wp-class--show=\"state.isContentVisible\" data-wp-init=\"callbacks.setButtonStyles\" data-wp-on--click=\"actions.showLightbox\" data-wp-on--load=\"callbacks.setButtonStyles\" data-wp-on-window--resize=\"callbacks.setButtonStyles\" src=\"https:\/\/www.santacreudesign.com\/wp-content\/uploads\/2024\/02\/santacreu_projecte_clinicadental_ballester_02.webp\" alt=\"Cabina i sala d'espera Cl\u00ednica dental Viladecans\" class=\"wp-image-823\" srcset=\"https:\/\/www.santacreudesign.com\/wp-content\/uploads\/2024\/02\/santacreu_projecte_clinicadental_ballester_02.webp 1144w, https:\/\/www.santacreudesign.com\/wp-content\/uploads\/2024\/02\/santacreu_projecte_clinicadental_ballester_02-216x300.webp 216w, https:\/\/www.santacreudesign.com\/wp-content\/uploads\/2024\/02\/santacreu_projecte_clinicadental_ballester_02-737x1024.webp 737w, https:\/\/www.santacreudesign.com\/wp-content\/uploads\/2024\/02\/santacreu_projecte_clinicadental_ballester_02-768x1067.webp 768w, https:\/\/www.santacreudesign.com\/wp-content\/uploads\/2024\/02\/santacreu_projecte_clinicadental_ballester_02-1105x1536.webp 1105w, https:\/\/www.santacreudesign.com\/wp-content\/uploads\/2024\/02\/santacreu_projecte_clinicadental_ballester_02-300x417.webp 300w\" sizes=\"auto, (max-width: 1144px) 100vw, 1144px\" \/><button\n\t\t\tclass=\"lightbox-trigger\"\n\t\t\ttype=\"button\"\n\t\t\taria-haspopup=\"dialog\"\n\t\t\taria-label=\"Agrandar\"\n\t\t\tdata-wp-init=\"callbacks.initTriggerButton\"\n\t\t\tdata-wp-on--click=\"actions.showLightbox\"\n\t\t\tdata-wp-style--right=\"state.imageButtonRight\"\n\t\t\tdata-wp-style--top=\"state.imageButtonTop\"\n\t\t>\n\t\t\t<svg xmlns=\"http:\/\/www.w3.org\/2000\/svg\" width=\"12\" height=\"12\" fill=\"none\" viewBox=\"0 0 12 12\">\n\t\t\t\t<path fill=\"#fff\" d=\"M2 0a2 2 0 0 0-2 2v2h1.5V2a.5.5 0 0 1 .5-.5h2V0H2Zm2 10.5H2a.5.5 0 0 1-.5-.5V8H0v2a2 2 0 0 0 2 2h2v-1.5ZM8 12v-1.5h2a.5.5 0 0 0 .5-.5V8H12v2a2 2 0 0 1-2 2H8Zm2-12a2 2 0 0 1 2 2v2h-1.5V2a.5.5 0 0 0-.5-.5H8V0h2Z\" \/>\n\t\t\t<\/svg>\n\t\t<\/button><\/figure>\n<\/div><\/div>\n\n\n<style>.kadence-column1355_b5edd9-45 > .kt-inside-inner-col,.kadence-column1355_b5edd9-45 > .kt-inside-inner-col:before{border-top-left-radius:0px;border-top-right-radius:0px;border-bottom-right-radius:0px;border-bottom-left-radius:0px;}.kadence-column1355_b5edd9-45 > .kt-inside-inner-col{column-gap:var(--global-kb-gap-sm, 1rem);}.kadence-column1355_b5edd9-45 > .kt-inside-inner-col{flex-direction:column;}.kadence-column1355_b5edd9-45 > .kt-inside-inner-col > .aligncenter{width:100%;}.kadence-column1355_b5edd9-45 > .kt-inside-inner-col:before{opacity:0.3;}.kadence-column1355_b5edd9-45{position:relative;}@media all and (max-width: 1024px){.kadence-column1355_b5edd9-45 > .kt-inside-inner-col{flex-direction:column;justify-content:center;}}@media all and (max-width: 767px){.kadence-column1355_b5edd9-45 > .kt-inside-inner-col{flex-direction:column;justify-content:center;}}<\/style>\n<div class=\"wp-block-kadence-column kadence-column1355_b5edd9-45\"><div class=\"kt-inside-inner-col\"><\/div><\/div>\n\n<\/div><\/div>","protected":false},"excerpt":{"rendered":"<p>Interiorismo Cl\u00ednica dentalViladecans Cl\u00edniques dentals Descripci\u00f3n del proyecto Peque\u00f1a cl\u00ednica dental de 55m2 ubicada en Viladecans. Se propone una planta radicalmente diferente a la existente para ubicar 3 boxes, una peque\u00f1a sala de esterilizaci\u00f3n, una sala de rayos X, una peque\u00f1a sala de espera, mostrador y un ba\u00f1o adaptado. El vest\u00edbulo de acceso da paso &hellip;<\/p>\n","protected":false},"author":1,"featured_media":1143,"comment_status":"closed","ping_status":"closed","sticky":false,"template":"","format":"standard","meta":{"inline_featured_image":false,"footnotes":""},"categories":[24,23,28],"tags":[],"class_list":{"0":"post-1355","1":"post","2":"type-post","3":"status-publish","4":"format-standard","5":"has-post-thumbnail","6":"hentry","7":"category-clinicas-dentales","8":"category-proyectos","9":"category-proyectos-inicio","11":"with-featured-image"},"_links":{"self":[{"href":"https:\/\/www.santacreudesign.com\/es\/wp-json\/wp\/v2\/posts\/1355","targetHints":{"allow":["GET"]}}],"collection":[{"href":"https:\/\/www.santacreudesign.com\/es\/wp-json\/wp\/v2\/posts"}],"about":[{"href":"https:\/\/www.santacreudesign.com\/es\/wp-json\/wp\/v2\/types\/post"}],"author":[{"embeddable":true,"href":"https:\/\/www.santacreudesign.com\/es\/wp-json\/wp\/v2\/users\/1"}],"replies":[{"embeddable":true,"href":"https:\/\/www.santacreudesign.com\/es\/wp-json\/wp\/v2\/comments?post=1355"}],"version-history":[{"count":2,"href":"https:\/\/www.santacreudesign.com\/es\/wp-json\/wp\/v2\/posts\/1355\/revisions"}],"predecessor-version":[{"id":1536,"href":"https:\/\/www.santacreudesign.com\/es\/wp-json\/wp\/v2\/posts\/1355\/revisions\/1536"}],"wp:featuredmedia":[{"embeddable":true,"href":"https:\/\/www.santacreudesign.com\/es\/wp-json\/wp\/v2\/media\/1143"}],"wp:attachment":[{"href":"https:\/\/www.santacreudesign.com\/es\/wp-json\/wp\/v2\/media?parent=1355"}],"wp:term":[{"taxonomy":"category","embeddable":true,"href":"https:\/\/www.santacreudesign.com\/es\/wp-json\/wp\/v2\/categories?post=1355"},{"taxonomy":"post_tag","embeddable":true,"href":"https:\/\/www.santacreudesign.com\/es\/wp-json\/wp\/v2\/tags?post=1355"}],"curies":[{"name":"wp","href":"https:\/\/api.w.org\/{rel}","templated":true}]}}